{"success":true,"html":"\n    \n                \u003Cdiv class=\u0022gd-tile proj-tile proj-tile-profile\u0022\u003E\n            \u003Cdiv class=\u0022proj-tile-bg\u0022\n                 style=\u0022background-image: url(\u0027\/\/gooding-live.s3.amazonaws.com\/images\/profiles\/9\/2\/92936\/b\/5f7b2dad0e6b6-small.jpg\u0027);\u0022\u003E\u003C\/div\u003E\n            \u003Cdiv\n                class=\u0022gd-like unchecked\u0022\n                data-profile-like=\u0022lasten-e-bike-92936\u0022\u003E\n                \u003Cspan class=\u0022gd-icon-heart-filled gd-like-transition\u0022\u003E\u003C\/span\u003E\n                \u003Cspan class=\u0022gd-icon-heart-filled gd-like-checked\u0022\u003E\u003C\/span\u003E\n                \u003Cspan class=\u0022gd-icon-heart gd-like-shape\u0022\u003E\u003C\/span\u003E\n            \u003C\/div\u003E\n            \u003Cdiv class=\u0022container-fluid gd-tile-content\u0022\u003E\n                \u003Cdiv class=\u0022row\u0022\u003E\n                    \u003Cdiv class=\u0022col-xs-5 col-sm-3 col-lg-3 gd-p0r\u0022\u003E\n                        \u003Cdiv class=\u0022prof-picture\u0022\u003E\n                            \u003Ca href=\u0022\/lasten-e-bike-92936\u0022\u003E\u003Cimg\n                                src=\u0022\/\/gooding-live.s3.amazonaws.com\/images\/profiles\/9\/2\/92936\/s\/5f7b2d9b5fbbc.png\u0022  srcset=\u0022\/\/gooding-live.s3.amazonaws.com\/images\/profiles\/9\/2\/92936\/s\/5f7b2d9b5fbbc@2x.png\u0022                                class=\u0022img-responsive\u0022\u003E\u003C\/a\u003E\n                        \u003C\/div\u003E\n                    \u003C\/div\u003E\n                    \u003Cdiv class=\u0022col-xs-12 col-sm-8 col-lg-9\u0022\u003E\n                        \u003Ch3\u003E\u003Ca href=\u0022\/lasten-e-bike-92936\u0022\u003ESicherheitskurs f\u00fcr das Lasten E-Bike\u003C\/a\u003E\u003C\/h3\u003E\n\n                        \u003Cdiv class=\u0022proj-tile-funding\u0022\u003ETr\u00e4ger                            : Gemeinn\u00fctzige Zuhause GmbH\u003C\/div\u003E\n                        \u003Cdiv class=\u0022gd-tile-location\u0022\u003E\u003Cspan\n                                class=\u0022gd-icon-location\u0022\u003E\u003C\/span\u003E Wiesbaden, DE\u003C\/div\u003E                    \u003C\/div\u003E\n                \u003C\/div\u003E\n                \u003Cdiv class=\u0022row bottom-row\u0022\u003E\n                    \u003Cdiv class=\u0022col-xs-12 col-sm-9 col-md-9 col-lg-9 col-sm-offset-3 col-md-offset-3 col-lg-offset-3\u0022\u003E\n                        \u003Ca href=\u0022\/shops?select=lasten-e-bike-92936\u0022 data-shpstart-prj=\u0022lasten-e-bike-92936\u0022\n                           class=\u0022btn btn-primary gd-btn-inline gd-btn-icon-right proj-shop-start\u0022\u003EEinkauf starten                            \u003Cspan class=\u0022gd-icon-arrow-right-narrow\u0022\u003E\u003C\/span\u003E\u003C\/a\u003E\n                        \u003Ca href=\u0022\/lasten-e-bike-92936\u0022\n                           class=\u0022btn btn-default gd-btn-inline text-center\u0022\u003Emehr\u003C\/a\u003E\n                    \u003C\/div\u003E\n                \u003C\/div\u003E\n            \u003C\/div\u003E\n            \u003Cdiv class=\u0022container-fluid\u0022\u003E\n                \u003Cdiv class=\u0022row\u0022\u003E\n                    \u003Cdiv class=\u0022progress\u0022\u003E\n                        \u003Cdiv class=\u0022progress-bar progress-bar-success\u0022 role=\u0022progressbar\u0022\n                             aria-valuenow=\u00220\u0022 aria-valuemin=\u00220\u0022 aria-valuemax=\u0022100\u0022\n                             style=\u0022width: 0%\u0022\u003E\n                                                                                                            \u003Cspan\u003E0% finanziert\u003C\/span\u003E\n                                                                                            \u003C\/div\u003E\n                    \u003C\/div\u003E\n                \u003C\/div\u003E\n            \u003C\/div\u003E\n        \u003C\/div\u003E\n\n        \n    \n    \n                \u003Cdiv class=\u0022gd-tile proj-tile proj-tile-profile\u0022\u003E\n            \u003Cdiv class=\u0022proj-tile-bg\u0022\n                 style=\u0022background-image: url(\u0027\/\/gooding-live.s3.amazonaws.com\/images\/profiles\/9\/2\/92938\/b\/5f7b361764d41-small.jpg\u0027);\u0022\u003E\u003C\/div\u003E\n            \u003Cdiv\n                class=\u0022gd-like unchecked\u0022\n                data-profile-like=\u0022hoehenverstellbare-toilette-fuer-die-tagesfoerdergruppe-92938\u0022\u003E\n                \u003Cspan class=\u0022gd-icon-heart-filled gd-like-transition\u0022\u003E\u003C\/span\u003E\n                \u003Cspan class=\u0022gd-icon-heart-filled gd-like-checked\u0022\u003E\u003C\/span\u003E\n                \u003Cspan class=\u0022gd-icon-heart gd-like-shape\u0022\u003E\u003C\/span\u003E\n            \u003C\/div\u003E\n            \u003Cdiv class=\u0022container-fluid gd-tile-content\u0022\u003E\n                \u003Cdiv class=\u0022row\u0022\u003E\n                    \u003Cdiv class=\u0022col-xs-5 col-sm-3 col-lg-3 gd-p0r\u0022\u003E\n                        \u003Cdiv class=\u0022prof-picture\u0022\u003E\n                            \u003Ca href=\u0022\/hoehenverstellbare-toilette-fuer-die-tagesfoerdergruppe-92938\u0022\u003E\u003Cimg\n                                src=\u0022\/\/gooding-live.s3.amazonaws.com\/images\/profiles\/9\/2\/92938\/s\/5f7b350a50365.png\u0022  srcset=\u0022\/\/gooding-live.s3.amazonaws.com\/images\/profiles\/9\/2\/92938\/s\/5f7b350a50365@2x.png\u0022                                class=\u0022img-responsive\u0022\u003E\u003C\/a\u003E\n                        \u003C\/div\u003E\n                    \u003C\/div\u003E\n                    \u003Cdiv class=\u0022col-xs-12 col-sm-8 col-lg-9\u0022\u003E\n                        \u003Ch3\u003E\u003Ca href=\u0022\/hoehenverstellbare-toilette-fuer-die-tagesfoerdergruppe-92938\u0022\u003EH\u00f6henverstellbare Toilette f\u00fcr die Tagesf\u00f6rdergruppe\u003C\/a\u003E\u003C\/h3\u003E\n\n                        \u003Cdiv class=\u0022proj-tile-funding\u0022\u003ETr\u00e4ger                            : Gemeinn\u00fctzige Zuhause GmbH\u003C\/div\u003E\n                        \u003Cdiv class=\u0022gd-tile-location\u0022\u003E\u003Cspan\n                                class=\u0022gd-icon-location\u0022\u003E\u003C\/span\u003E Wiesbaden, DE\u003C\/div\u003E                    \u003C\/div\u003E\n                \u003C\/div\u003E\n                \u003Cdiv class=\u0022row bottom-row\u0022\u003E\n                    \u003Cdiv class=\u0022col-xs-12 col-sm-9 col-md-9 col-lg-9 col-sm-offset-3 col-md-offset-3 col-lg-offset-3\u0022\u003E\n                        \u003Ca href=\u0022\/shops?select=hoehenverstellbare-toilette-fuer-die-tagesfoerdergruppe-92938\u0022 data-shpstart-prj=\u0022hoehenverstellbare-toilette-fuer-die-tagesfoerdergruppe-92938\u0022\n                           class=\u0022btn btn-primary gd-btn-inline gd-btn-icon-right proj-shop-start\u0022\u003EEinkauf starten                            \u003Cspan class=\u0022gd-icon-arrow-right-narrow\u0022\u003E\u003C\/span\u003E\u003C\/a\u003E\n                        \u003Ca href=\u0022\/hoehenverstellbare-toilette-fuer-die-tagesfoerdergruppe-92938\u0022\n                           class=\u0022btn btn-default gd-btn-inline text-center\u0022\u003Emehr\u003C\/a\u003E\n                    \u003C\/div\u003E\n                \u003C\/div\u003E\n            \u003C\/div\u003E\n            \u003Cdiv class=\u0022container-fluid\u0022\u003E\n                \u003Cdiv class=\u0022row\u0022\u003E\n                    \u003Cdiv class=\u0022progress\u0022\u003E\n                        \u003Cdiv class=\u0022progress-bar progress-bar-success\u0022 role=\u0022progressbar\u0022\n                             aria-valuenow=\u00220\u0022 aria-valuemin=\u00220\u0022 aria-valuemax=\u0022100\u0022\n                             style=\u0022width: 0%\u0022\u003E\n                                                                                                            \u003Cspan\u003E0% finanziert\u003C\/span\u003E\n                                                                                            \u003C\/div\u003E\n                    \u003C\/div\u003E\n                \u003C\/div\u003E\n            \u003C\/div\u003E\n        \u003C\/div\u003E\n\n        \n    \n    \n                \u003Cdiv class=\u0022gd-tile proj-tile proj-tile-profile\u0022\u003E\n            \u003Cdiv class=\u0022proj-tile-bg\u0022\n                 style=\u0022\u0022\u003E\u003C\/div\u003E\n            \u003Cdiv\n                class=\u0022gd-like unchecked\u0022\n                data-profile-like=\u0022sanierung-unseres-busses-zum-transport-von-rollstuhlfahrern-zu-ausfluegen-92937\u0022\u003E\n                \u003Cspan class=\u0022gd-icon-heart-filled gd-like-transition\u0022\u003E\u003C\/span\u003E\n                \u003Cspan class=\u0022gd-icon-heart-filled gd-like-checked\u0022\u003E\u003C\/span\u003E\n                \u003Cspan class=\u0022gd-icon-heart gd-like-shape\u0022\u003E\u003C\/span\u003E\n            \u003C\/div\u003E\n            \u003Cdiv class=\u0022container-fluid gd-tile-content\u0022\u003E\n                \u003Cdiv class=\u0022row\u0022\u003E\n                    \u003Cdiv class=\u0022col-xs-5 col-sm-3 col-lg-3 gd-p0r\u0022\u003E\n                        \u003Cdiv class=\u0022prof-picture\u0022\u003E\n                            \u003Ca href=\u0022\/sanierung-unseres-busses-zum-transport-von-rollstuhlfahrern-zu-ausfluegen-92937\u0022\u003E\u003Cimg\n                                src=\u0022\/\/gooding-live.s3.amazonaws.com\/images\/profiles\/9\/2\/92653\/s\/60a2868cd8213.png\u0022                                 class=\u0022img-responsive\u0022\u003E\u003C\/a\u003E\n                        \u003C\/div\u003E\n                    \u003C\/div\u003E\n                    \u003Cdiv class=\u0022col-xs-12 col-sm-8 col-lg-9\u0022\u003E\n                        \u003Ch3\u003E\u003Ca href=\u0022\/sanierung-unseres-busses-zum-transport-von-rollstuhlfahrern-zu-ausfluegen-92937\u0022\u003ESanierung unseres Busses (Sprinter) zum Transport von..\u003C\/a\u003E\u003C\/h3\u003E\n\n                        \u003Cdiv class=\u0022proj-tile-funding\u0022\u003ETr\u00e4ger                            : Gemeinn\u00fctzige Zuhause GmbH\u003C\/div\u003E\n                        \u003Cdiv class=\u0022gd-tile-location\u0022\u003E\u003Cspan\n                                class=\u0022gd-icon-location\u0022\u003E\u003C\/span\u003E Wiesbaden, DE\u003C\/div\u003E                    \u003C\/div\u003E\n                \u003C\/div\u003E\n                \u003Cdiv class=\u0022row bottom-row\u0022\u003E\n                    \u003Cdiv class=\u0022col-xs-12 col-sm-9 col-md-9 col-lg-9 col-sm-offset-3 col-md-offset-3 col-lg-offset-3\u0022\u003E\n                        \u003Ca href=\u0022\/shops?select=sanierung-unseres-busses-zum-transport-von-rollstuhlfahrern-zu-ausfluegen-92937\u0022 data-shpstart-prj=\u0022sanierung-unseres-busses-zum-transport-von-rollstuhlfahrern-zu-ausfluegen-92937\u0022\n                           class=\u0022btn btn-primary gd-btn-inline gd-btn-icon-right proj-shop-start\u0022\u003EEinkauf starten                            \u003Cspan class=\u0022gd-icon-arrow-right-narrow\u0022\u003E\u003C\/span\u003E\u003C\/a\u003E\n                        \u003Ca href=\u0022\/sanierung-unseres-busses-zum-transport-von-rollstuhlfahrern-zu-ausfluegen-92937\u0022\n                           class=\u0022btn btn-default gd-btn-inline text-center\u0022\u003Emehr\u003C\/a\u003E\n                    \u003C\/div\u003E\n                \u003C\/div\u003E\n            \u003C\/div\u003E\n            \u003Cdiv class=\u0022container-fluid\u0022\u003E\n                \u003Cdiv class=\u0022row\u0022\u003E\n                    \u003Cdiv class=\u0022progress\u0022\u003E\n                        \u003Cdiv class=\u0022progress-bar progress-bar-success\u0022 role=\u0022progressbar\u0022\n                             aria-valuenow=\u0022100\u0022 aria-valuemin=\u00220\u0022 aria-valuemax=\u0022100\u0022\n                             style=\u0022width: 100%\u0022\u003E\n                                                                    \u003Cspan\u003EProjekt erfolgreich finanziert!\u003C\/span\u003E\n                                                        \u003C\/div\u003E\n                    \u003C\/div\u003E\n                \u003C\/div\u003E\n            \u003C\/div\u003E\n        \u003C\/div\u003E\n\n        \n    "}